{"id":908,"date":"2017-05-15T16:46:46","date_gmt":"2017-05-15T14:46:46","guid":{"rendered":"http:\/\/www.starschnitt.de\/wordpress\/?p=908"},"modified":"2018-05-16T13:58:51","modified_gmt":"2018-05-16T11:58:51","slug":"kollektion-201718-4-seasons-4-jahreszeiten-vorwort","status":"publish","type":"post","link":"https:\/\/www.starschnitt.de\/wordpress\/kollektion-201718-4-seasons-4-jahreszeiten-vorwort\/","title":{"rendered":"Kollektion 2017\/18 &#8211; 4 Seasons &#8211; 4 Jahreszeiten &#8211; Vorwort"},"content":{"rendered":"<p style=\"text-align: center;\"><iframe loading=\"lazy\" src=\"https:\/\/www.youtube.com\/embed\/B9wfEZl8nV8\" width=\"560\" height=\"314\" allowfullscreen=\"allowfullscreen\"><\/iframe><\/p>\n<p><a href=\"https:\/\/www.starschnitt.de\/wordpress\/wp-content\/uploads\/2017\/05\/001_Hardcover.jpg\"><br \/>\n<\/a>Unser Kreativteam hat sich f\u00fcr die diesj\u00e4hrige Starschnitt Kollektion von der Natur der Jahreszeiten inspirieren lassen und diese, dem derzeitigen Zeitgeist entsprechend, auf die K\u00f6pfe unserer wundervollen Modelle gezaubert. Ob dezent nat\u00fcrlich, oder wild und expressiv, eines stand f\u00fcr uns immer im Vordergrund: sch\u00f6ne Haare! Begleiten Sie uns durchs Jahr und finden Sie Inspirationen und Anregungen f\u00fcr Ihren angesagten Look 2017\/2018.<\/p>\n<p>Hier unsere Fotos:<\/p>\n<ul>\n<li><a href=\"https:\/\/www.starschnitt.de\/wordpress\/kollektion-4-seasons-fruehling\/\">Fr\u00fchling<\/a><\/li>\n<li><a href=\"https:\/\/www.starschnitt.de\/wordpress\/galeriekollektion-201718-4-seasons-sommer\/\">Sommer<\/a><\/li>\n<li><a href=\"https:\/\/www.starschnitt.de\/wordpress\/galeriekollektion-201718-4-seasons-herbst\/\">Herbst<\/a><\/li>\n<li><a href=\"https:\/\/www.starschnitt.de\/wordpress\/galeriekollektion-201718-4-seasons-winter\/\">Winter<\/a><\/li>\n<\/ul>\n","protected":false},"excerpt":{"rendered":"<p>Unser Kreativteam hat sich f\u00fcr die diesj\u00e4hrige Starschnitt Kollektion von der Natur der Jahreszeiten inspirieren lassen und diese, dem derzeitigen Zeitgeist entsprechend, auf die K\u00f6pfe unserer wundervollen Modelle gezaubert. Ob dezent nat\u00fcrlich, oder wild und expressiv, eines stand f\u00fcr uns immer im Vordergrund: sch\u00f6ne Haare! Begleiten Sie uns durchs Jahr und finden Sie Inspirationen und Anregungen f\u00fcr Ihren angesagten Look 2017\/2018. Hier unsere Fotos: Fr\u00fchling Sommer Herbst Winter<\/p>\n<a class=\"more-link\" rel=\"nofollow\" href=\"https:\/\/www.starschnitt.de\/wordpress\/kollektion-201718-4-seasons-4-jahreszeiten-vorwort\/\">[mehr...]<\/a>","protected":false},"author":1,"featured_media":0,"comment_status":"closed","ping_status":"open","sticky":false,"template":"","format":"standard","meta":[],"categories":[1],"tags":[],"_links":{"self":[{"href":"https:\/\/www.starschnitt.de\/wordpress\/wp-json\/wp\/v2\/posts\/908"}],"collection":[{"href":"https:\/\/www.starschnitt.de\/wordpress\/wp-json\/wp\/v2\/posts"}],"about":[{"href":"https:\/\/www.starschnitt.de\/wordpress\/wp-json\/wp\/v2\/types\/post"}],"author":[{"embeddable":true,"href":"https:\/\/www.starschnitt.de\/wordpress\/wp-json\/wp\/v2\/users\/1"}],"replies":[{"embeddable":true,"href":"https:\/\/www.starschnitt.de\/wordpress\/wp-json\/wp\/v2\/comments?post=908"}],"version-history":[{"count":7,"href":"https:\/\/www.starschnitt.de\/wordpress\/wp-json\/wp\/v2\/posts\/908\/revisions"}],"predecessor-version":[{"id":1047,"href":"https:\/\/www.starschnitt.de\/wordpress\/wp-json\/wp\/v2\/posts\/908\/revisions\/1047"}],"wp:attachment":[{"href":"https:\/\/www.starschnitt.de\/wordpress\/wp-json\/wp\/v2\/media?parent=908"}],"wp:term":[{"taxonomy":"category","embeddable":true,"href":"https:\/\/www.starschnitt.de\/wordpress\/wp-json\/wp\/v2\/categories?post=908"},{"taxonomy":"post_tag","embeddable":true,"href":"https:\/\/www.starschnitt.de\/wordpress\/wp-json\/wp\/v2\/tags?post=908"}],"curies":[{"name":"wp","href":"https:\/\/api.w.org\/{rel}","templated":true}]}}